{"id":36769,"date":"2024-12-04T09:51:56","date_gmt":"2024-12-04T14:51:56","guid":{"rendered":"https:\/\/mtlecommerce.com\/mtlecommerce-lance-un-evenement-conferences-et-ateliers-edition-special-ia\/"},"modified":"2024-12-05T15:01:33","modified_gmt":"2024-12-05T20:01:33","slug":"mtlecommerce-lance-un-evenement-conferences-et-ateliers-edition-special-ia","status":"publish","type":"post","link":"https:\/\/mtlecommerce.com\/fr\/mtlecommerce-lance-un-evenement-conferences-et-ateliers-edition-special-ia\/","title":{"rendered":"MTL+ECOMMERCE LANCE UN \u00c9V\u00c9NEMENT CONF\u00c9RENCES ET ATELIERS EDITION SP\u00c9CIAL IA"},"content":{"rendered":"\t\t<div data-elementor-type=\"wp-post\" data-elementor-id=\"36769\" class=\"elementor elementor-36769 elementor-36746\" data-elementor-post-type=\"post\">\n\t\t\t\t\t\t<header class=\"elementor-section elementor-top-section elementor-element elementor-element-3c31883c elementor-section-stretched elementor-section-boxed elementor-section-height-default elementor-section-height-default\" data-id=\"3c31883c\" data-element_type=\"section\" data-e-type=\"section\" data-settings=\"{&quot;background_background&quot;:&quot;classic&quot;,&quot;shape_divider_bottom&quot;:&quot;pyramids&quot;,&quot;stretch_section&quot;:&quot;section-stretched&quot;}\">\n\t\t\t\t\t\t\t<div class=\"elementor-background-overlay\"><\/div>\n\t\t\t\t\t\t<div class=\"elementor-shape elementor-shape-bottom\" aria-hidden=\"true\" data-negative=\"false\">\n\t\t\t<svg xmlns=\"http:\/\/www.w3.org\/2000\/svg\" viewBox=\"0 0 1000 100\" preserveAspectRatio=\"none\">\n\t<path class=\"elementor-shape-fill\" d=\"M761.9,44.1L643.1,27.2L333.8,98L0,3.8V0l1000,0v3.9\"\/>\n<\/svg>\t\t<\/div>\n\t\t\t\t\t<div class=\"elementor-container elementor-column-gap-default\">\n\t\t\t\t\t<div class=\"elementor-column elementor-col-100 elementor-top-column elementor-element elementor-element-7e75cf67\" data-id=\"7e75cf67\" data-element_type=\"column\" data-e-type=\"column\">\n\t\t\t<div class=\"elementor-widget-wrap elementor-element-populated\">\n\t\t\t\t\t\t<div class=\"elementor-element elementor-element-14ac9345 elementor-invisible elementor-widget elementor-widget-heading\" data-id=\"14ac9345\" data-element_type=\"widget\" data-e-type=\"widget\" data-settings=\"{&quot;_animation&quot;:&quot;fadeIn&quot;}\" data-widget_type=\"heading.default\">\n\t\t\t\t<div class=\"elementor-widget-container\">\n\t\t\t\t\t<span class=\"elementor-heading-title elementor-size-default\">Communiqu\u00e9 de Presse<\/span>\t\t\t\t<\/div>\n\t\t\t\t<\/div>\n\t\t\t\t<div class=\"elementor-element elementor-element-19c5e867 elementor-widget elementor-widget-heading\" data-id=\"19c5e867\" data-element_type=\"widget\" data-e-type=\"widget\" data-widget_type=\"heading.default\">\n\t\t\t\t<div class=\"elementor-widget-container\">\n\t\t\t\t\t<h3 class=\"elementor-heading-title elementor-size-default\">Pour Diffusion Imm\u00e9diate<\/h3>\t\t\t\t<\/div>\n\t\t\t\t<\/div>\n\t\t\t\t<div class=\"elementor-element elementor-element-229abf13 elementor-widget-divider--view-line elementor-widget elementor-widget-divider\" data-id=\"229abf13\" data-element_type=\"widget\" data-e-type=\"widget\" data-widget_type=\"divider.default\">\n\t\t\t\t<div class=\"elementor-widget-container\">\n\t\t\t\t\t\t\t<div class=\"elementor-divider\">\n\t\t\t<span class=\"elementor-divider-separator\">\n\t\t\t\t\t\t<\/span>\n\t\t<\/div>\n\t\t\t\t\t\t<\/div>\n\t\t\t\t<\/div>\n\t\t\t\t<div class=\"elementor-element elementor-element-486095cd elementor-invisible elementor-widget elementor-widget-heading\" data-id=\"486095cd\" data-element_type=\"widget\" data-e-type=\"widget\" data-settings=\"{&quot;_animation&quot;:&quot;fadeIn&quot;}\" data-widget_type=\"heading.default\">\n\t\t\t\t<div class=\"elementor-widget-container\">\n\t\t\t\t\t<h2 class=\"elementor-heading-title elementor-size-default\">MTL+ECOMMERCE pr\u00e9sente un \u00e9v\u00e9nement exclusif de conf\u00e9rences, ateliers et Networking d\u00e9di\u00e9 \u00e0 l\u2019intelligence artificielle (IA) dans le eCommerce. L'\u00e9v\u00e9nement rassemblera les dirigeants du B2B, Retail, eCommerce et Technologie au Grand Quai, Vieux-Port de Montr\u00e9al qui souhaitent augmenter la productivite de leurs equipes a l'approche de la periode achaland\u00e9e du Black <\/h2>\t\t\t\t<\/div>\n\t\t\t\t<\/div>\n\t\t\t\t\t<\/div>\n\t\t<\/div>\n\t\t\t\t\t<\/div>\n\t\t<\/header>\n\t\t\t\t<section class=\"elementor-section elementor-top-section elementor-element elementor-element-76672d9a elementor-section-content-top elementor-section-boxed elementor-section-height-default elementor-section-height-default\" data-id=\"76672d9a\" data-element_type=\"section\" data-e-type=\"section\" data-settings=\"{&quot;background_background&quot;:&quot;classic&quot;}\">\n\t\t\t\t\t\t\t<div class=\"elementor-background-overlay\"><\/div>\n\t\t\t\t\t\t\t<div class=\"elementor-container elementor-column-gap-default\">\n\t\t\t\t\t<div class=\"elementor-column elementor-col-100 elementor-top-column elementor-element elementor-element-43bfab82\" data-id=\"43bfab82\" data-element_type=\"column\" data-e-type=\"column\" data-settings=\"{&quot;background_background&quot;:&quot;classic&quot;}\">\n\t\t\t<div class=\"elementor-widget-wrap elementor-element-populated\">\n\t\t\t\t\t\t<section class=\"elementor-section elementor-inner-section elementor-element elementor-element-2e05a0c elementor-section-content-top elementor-section-boxed elementor-section-height-default elementor-section-height-default\" data-id=\"2e05a0c\" data-element_type=\"section\" data-e-type=\"section\" data-settings=\"{&quot;background_background&quot;:&quot;classic&quot;}\">\n\t\t\t\t\t\t<div class=\"elementor-container elementor-column-gap-default\">\n\t\t\t\t\t<div class=\"elementor-column elementor-col-100 elementor-inner-column elementor-element elementor-element-52df1823\" data-id=\"52df1823\" data-element_type=\"column\" data-e-type=\"column\">\n\t\t\t<div class=\"elementor-widget-wrap elementor-element-populated\">\n\t\t\t\t\t\t<div class=\"elementor-element elementor-element-1905c416 elementor-invisible elementor-widget elementor-widget-text-editor\" data-id=\"1905c416\" data-element_type=\"widget\" data-e-type=\"widget\" data-settings=\"{&quot;_animation&quot;:&quot;fadeIn&quot;}\" data-widget_type=\"text-editor.default\">\n\t\t\t\t<div class=\"elementor-widget-container\">\n\t\t\t\t\t\t\t\t\t<p><span style=\"font-weight: 400;\">Communiqu\u00e9 de presse<\/span><\/p>\n\t\t\t\t\t\t\t\t<\/div>\n\t\t\t\t<\/div>\n\t\t\t\t<div class=\"elementor-element elementor-element-31464605 elementor-widget elementor-widget-heading\" data-id=\"31464605\" data-element_type=\"widget\" data-e-type=\"widget\" data-widget_type=\"heading.default\">\n\t\t\t\t<div class=\"elementor-widget-container\">\n\t\t\t\t\t<span class=\"elementor-heading-title elementor-size-default\"><span style=\"background:yellow\">pour diffusion imm\u00e9diate <\/span><\/span>\t\t\t\t<\/div>\n\t\t\t\t<\/div>\n\t\t\t\t<div class=\"elementor-element elementor-element-15c780d elementor-invisible elementor-widget elementor-widget-text-editor\" data-id=\"15c780d\" data-element_type=\"widget\" data-e-type=\"widget\" data-settings=\"{&quot;_animation&quot;:&quot;fadeIn&quot;}\" data-widget_type=\"text-editor.default\">\n\t\t\t\t<div class=\"elementor-widget-container\">\n\t\t\t\t\t\t\t\t\t<p>22 Septembre 2024<\/p>\n\t\t\t\t\t\t\t\t<\/div>\n\t\t\t\t<\/div>\n\t\t\t\t<div class=\"elementor-element elementor-element-ab50baf title-divider elementor-widget-divider--view-line elementor-widget elementor-widget-divider\" data-id=\"ab50baf\" data-element_type=\"widget\" data-e-type=\"widget\" data-widget_type=\"divider.default\">\n\t\t\t\t<div class=\"elementor-widget-container\">\n\t\t\t\t\t\t\t<div class=\"elementor-divider\">\n\t\t\t<span class=\"elementor-divider-separator\">\n\t\t\t\t\t\t<\/span>\n\t\t<\/div>\n\t\t\t\t\t\t<\/div>\n\t\t\t\t<\/div>\n\t\t\t\t\t<\/div>\n\t\t<\/div>\n\t\t\t\t\t<\/div>\n\t\t<\/section>\n\t\t\t\t<div class=\"elementor-element elementor-element-3f18984a elementor-widget elementor-widget-heading\" data-id=\"3f18984a\" data-element_type=\"widget\" data-e-type=\"widget\" data-widget_type=\"heading.default\">\n\t\t\t\t<div class=\"elementor-widget-container\">\n\t\t\t\t\t<h1 class=\"elementor-heading-title elementor-size-default\">MTL+ECOMMERCE LANCE UN \u00c9V\u00c9NEMENT CONF\u00c9RENCES ET ATELIERS EDITION SP\u00c9CIAL IA<\/h1>\t\t\t\t<\/div>\n\t\t\t\t<\/div>\n\t\t\t\t<div class=\"elementor-element elementor-element-95303ef elementor-widget elementor-widget-text-editor\" data-id=\"95303ef\" data-element_type=\"widget\" data-e-type=\"widget\" data-widget_type=\"text-editor.default\">\n\t\t\t\t<div class=\"elementor-widget-container\">\n\t\t\t\t\t\t\t\t\t<b>Montr\u00e9al, QC&#8211;22 Septembre 2024\u00a0<\/b>\r\n\r\n<span style=\"font-weight: 400;\"><strong>INNOVATION ECOMMERCE<\/strong> (MTL+ECOMMERCE) pr\u00e9sente un \u00e9v\u00e9nement exclusif de conf\u00e9rences, ateliers et networking d\u00e9di\u00e9 \u00e0 l\u2019intelligence artificielle (IA) dans le eCommerce.<\/span>\r\n\r\n<span style=\"font-weight: 400;\"> L&rsquo;\u00e9v\u00e9nement rassemblera les dirigeants du B2B, du retail, du eCommerce et des technologies au Grand Quai, Vieux-Port de Montr\u00e9al, qui souhaitent augmenter la productivit\u00e9 de leurs \u00e9quipes \u00e0 l&rsquo;approche de la p\u00e9riode achaland\u00e9e du Black Friday et du Cyber Monday.<\/span>\r\n\r\n<span style=\"font-weight: 400;\">Cet \u00e9v\u00e9nement est le fruit d\u2019une collaboration avec le <a href=\"https:\/\/www.economie.gouv.qc.ca\/\" target=\"_blank\" rel=\"noopener\"><strong>Minist\u00e8re de l\u2019\u00c9conomie et de l\u2019Innovation du Qu\u00e9bec<\/strong><\/a>, et c\u00e9l\u00e9brera la soir\u00e9e d\u2019ouverture du 30\u1d49 anniversaire de HOP!, l\u2019\u00e9v\u00e9nement phare consacr\u00e9 au commerce de d\u00e9tail du Conseil qu\u00e9b\u00e9cois du commerce de d\u00e9tail.<\/span>\r\n\r\n<span style=\"font-weight: 400;\">L&rsquo;\u00e9v\u00e9nement se d\u00e9roulera dans un lieu prestigieux au <strong>Grand Quai, Vieux-Port de Montr\u00e9al<\/strong>.<\/span>\r\n\r\n<span style=\"font-weight: 400;\">Face au d\u00e9fi croissant de \u00ab\u00a0faire plus avec moins de budget publicitaire\u00a0\u00bb, cet \u00e9v\u00e9nement mettra en lumi\u00e8re des solutions concr\u00e8tes pour les dirigeants du num\u00e9rique, du manager au CMO\/CEO, afin de partager leurs connaissances et leurs meilleures strat\u00e9gies \u00e0 l&rsquo;\u00e8re de l\u2019IA.<\/span>\r\n\r\n<span style=\"font-weight: 400;\">Dans un contexte \u00e9conomique o\u00f9 les budgets marketing se resserrent et o\u00f9 la bataille pour l&rsquo;attention des consommateurs s&rsquo;intensifie, cette initiative strat\u00e9gique arrive \u00e0 point nomm\u00e9 : \u00e0 l\u2019approche de la p\u00e9riode des f\u00eates, une hausse des achats de 13 % est pr\u00e9vue par rapport \u00e0 l&rsquo;ann\u00e9e pr\u00e9c\u00e9dente.<\/span>\r\n\r\n<span style=\"font-weight: 400;\">Le <\/span><b>29 octobre prochain<\/b><span style=\"font-weight: 400;\">, des conf\u00e9renciers chevronn\u00e9s partageront leur expertise sur l&rsquo;utilisation strat\u00e9gique de l&rsquo;IA pour optimiser la productivit\u00e9 et la rentabilit\u00e9 des <\/span><b>PME<\/b><span style=\"font-weight: 400;\"> et des <\/span><b>startups<\/b><span style=\"font-weight: 400;\">. Ils auront \u00e9galement l&rsquo;opportunit\u00e9 d&rsquo;\u00e9changer et de rencontrer des d\u00e9cideurs de l\u2019industrie du <\/span><b>Retail, B2B et eCommerce<\/b><span style=\"font-weight: 400;\"> lors du <\/span><b>cocktail des dirigeants<\/b><span style=\"font-weight: 400;\"> qui se tiendra apr\u00e8s les conf\u00e9rences.<\/span>\r\n\r\n<span style=\"font-weight: 400;\">Au programme, deux <\/span><b>conf\u00e9rences-ateliers de haut niveau<\/b><span style=\"font-weight: 400;\"> seront suivies d\u2019un <\/span><b>panel de discussion interactif<\/b>\r\n\r\n<span style=\"font-weight: 400;\">\u00a0Parmi les th\u00e8mes abord\u00e9s :<\/span>\r\n<ul>\r\n \t<li style=\"font-weight: 400;\" aria-level=\"1\"><span style=\"font-weight: 400;\">Comment tirer parti de la cr\u00e9ation de contenu avec l&rsquo;IA (Midjourney) dans l\u2019univers du retail<\/span><\/li>\r\n \t<li style=\"font-weight: 400;\" aria-level=\"1\"><span style=\"font-weight: 400;\">Comment captiver l\u2019attention du consommateur dans un environnement digital satur\u00e9<\/span><\/li>\r\n \t<li style=\"font-weight: 400;\" aria-level=\"1\"><span style=\"font-weight: 400;\">Comment se d\u00e9marquer de ses comp\u00e9titeurs \u00e0 l\u2019\u00e8re de l\u2019IA \u00e0 l&rsquo;approche de la p\u00e9riode des f\u00eates<\/span><\/li>\r\n \t<li style=\"font-weight: 400;\" aria-level=\"1\"><span style=\"font-weight: 400;\">Comment impliquer l\u2019IA dans la prise de d\u00e9cision (CMO\/CEO) et b\u00e2tir une croissance durable<\/span><\/li>\r\n<\/ul>\r\n<span style=\"font-weight: 400;\">\u00ab\u00a0L&rsquo;IA est une n\u00e9cessit\u00e9 pour les d\u00e9taillants et PME afin de gagner en productivit\u00e9 et rester comp\u00e9titifs. Mais cela reste un outil,\u00a0\u00bb d\u00e9clare <\/span><b>Sarah-Eden Dadoun<\/b><span style=\"font-weight: 400;\">, directrice g\u00e9n\u00e9rale de <\/span><b>MTL+ECOMMERCE<\/b><span style=\"font-weight: 400;\">. \u00ab\u00a0La capture et l&rsquo;analyse des donn\u00e9es restent essentielles dans la prise de d\u00e9cisions pour transformer les d\u00e9fis rencontr\u00e9s en opportunit\u00e9s de croissance.\u00a0\u00bb<\/span>\t\t\t\t\t\t\t\t<\/div>\n\t\t\t\t<\/div>\n\t\t\t\t<div class=\"elementor-element elementor-element-993cc5f elementor-widget elementor-widget-image\" data-id=\"993cc5f\" data-element_type=\"widget\" data-e-type=\"widget\" data-widget_type=\"image.default\">\n\t\t\t\t<div class=\"elementor-widget-container\">\n\t\t\t\t\t\t\t\t\t\t\t\t<figure class=\"wp-caption\">\n\t\t\t\t\t\t\t\t\t\t<img fetchpriority=\"high\" decoding=\"async\" width=\"1920\" height=\"1080\" src=\"https:\/\/mtlecommerce.com\/wp-content\/uploads\/2024\/10\/EVENT-MTLECOMMERCE-FOR-ECOM-B2B-3.jpg\" class=\"attachment-full size-full wp-image-36213\" alt=\"\" srcset=\"https:\/\/mtlecommerce.com\/wp-content\/uploads\/2024\/10\/EVENT-MTLECOMMERCE-FOR-ECOM-B2B-3.jpg 1920w, https:\/\/mtlecommerce.com\/wp-content\/uploads\/2024\/10\/EVENT-MTLECOMMERCE-FOR-ECOM-B2B-3-300x169.jpg 300w, https:\/\/mtlecommerce.com\/wp-content\/uploads\/2024\/10\/EVENT-MTLECOMMERCE-FOR-ECOM-B2B-3-1024x576.jpg 1024w, https:\/\/mtlecommerce.com\/wp-content\/uploads\/2024\/10\/EVENT-MTLECOMMERCE-FOR-ECOM-B2B-3-1536x864.jpg 1536w, https:\/\/mtlecommerce.com\/wp-content\/uploads\/2024\/10\/EVENT-MTLECOMMERCE-FOR-ECOM-B2B-3-735x413.jpg 735w, https:\/\/mtlecommerce.com\/wp-content\/uploads\/2024\/10\/EVENT-MTLECOMMERCE-FOR-ECOM-B2B-3-500x281.jpg 500w\" sizes=\"(max-width: 1920px) 100vw, 1920px\" \/>\t\t\t\t\t\t\t\t\t\t\t<figcaption class=\"widget-image-caption wp-caption-text\">MTL+ECOMMERCE LANCE UN \u00c9V\u00c9NEMENT CONF\u00c9RENCE ET NETWORKING SP\u00c9CIAL IA<\/figcaption>\n\t\t\t\t\t\t\t\t\t\t<\/figure>\n\t\t\t\t\t\t\t\t\t<\/div>\n\t\t\t\t<\/div>\n\t\t\t\t<div class=\"elementor-element elementor-element-201601f title-divider elementor-widget-divider--view-line elementor-widget elementor-widget-divider\" data-id=\"201601f\" data-element_type=\"widget\" data-e-type=\"widget\" data-widget_type=\"divider.default\">\n\t\t\t\t<div class=\"elementor-widget-container\">\n\t\t\t\t\t\t\t<div class=\"elementor-divider\">\n\t\t\t<span class=\"elementor-divider-separator\">\n\t\t\t\t\t\t<\/span>\n\t\t<\/div>\n\t\t\t\t\t\t<\/div>\n\t\t\t\t<\/div>\n\t\t\t\t<div class=\"elementor-element elementor-element-27504bf elementor-widget elementor-widget-heading\" data-id=\"27504bf\" data-element_type=\"widget\" data-e-type=\"widget\" data-widget_type=\"heading.default\">\n\t\t\t\t<div class=\"elementor-widget-container\">\n\t\t\t\t\t<h4 class=\"elementor-heading-title elementor-size-default\">A propos de INNOVATION ECOMMERCE (MTL+ECOMMERCE)<\/h4>\t\t\t\t<\/div>\n\t\t\t\t<\/div>\n\t\t\t\t<div class=\"elementor-element elementor-element-ea05191 elementor-widget elementor-widget-text-editor\" data-id=\"ea05191\" data-element_type=\"widget\" data-e-type=\"widget\" data-widget_type=\"text-editor.default\">\n\t\t\t\t<div class=\"elementor-widget-container\">\n\t\t\t\t\t\t\t\t\t<p><span style=\"font-weight: 400;\">INNOVATION ECOMMERCE (MTL+ECOMMERCE) est un acc\u00e9l\u00e9rateur d\u2019entreprises (organisation \u00e0 but non lucratif) bas\u00e9e \u00e0 Montr\u00e9al, d\u00e9di\u00e9e \u00e0 propulser l\u2019innovation et l\u2019adoption de la transformation num\u00e9rique dans les secteurs du commerce \u00e9lectronique, du B2B, et des technologies \u00e9mergentes. \u00c0 travers des conf\u00e9rences, ateliers, \u00e9v\u00e9nements et programmes de financements et d&rsquo;acc\u00e9l\u00e9ration, MTL+ECOMMERCE soutient les d\u00e9taillants, PME et startups a fort potentiel dans leur croissance d\u2019affaires. L&rsquo;organisation agit \u00e9galement comme un catalyseur pour la communaut\u00e9 tech et eCommerce au Qu\u00e9bec et au Canada, connectant des leaders d&rsquo;opinion, des experts et des entrepreneurs pour collaborer, \u00e9changer des id\u00e9es novatrices et cr\u00e9er des opportunit\u00e9s d\u2019affaires.<\/span><\/p>\n\t\t\t\t\t\t\t\t<\/div>\n\t\t\t\t<\/div>\n\t\t\t\t<div class=\"elementor-element elementor-element-3d5ab687 title-divider elementor-widget-divider--view-line elementor-widget elementor-widget-divider\" data-id=\"3d5ab687\" data-element_type=\"widget\" data-e-type=\"widget\" data-widget_type=\"divider.default\">\n\t\t\t\t<div class=\"elementor-widget-container\">\n\t\t\t\t\t\t\t<div class=\"elementor-divider\">\n\t\t\t<span class=\"elementor-divider-separator\">\n\t\t\t\t\t\t<\/span>\n\t\t<\/div>\n\t\t\t\t\t\t<\/div>\n\t\t\t\t<\/div>\n\t\t\t\t<div class=\"elementor-element elementor-element-cb57d88 elementor-widget elementor-widget-heading\" data-id=\"cb57d88\" data-element_type=\"widget\" data-e-type=\"widget\" data-widget_type=\"heading.default\">\n\t\t\t\t<div class=\"elementor-widget-container\">\n\t\t\t\t\t<h4 class=\"elementor-heading-title elementor-size-default\">Sources<\/h4>\t\t\t\t<\/div>\n\t\t\t\t<\/div>\n\t\t\t\t<div class=\"elementor-element elementor-element-7495f24 elementor-widget elementor-widget-text-editor\" data-id=\"7495f24\" data-element_type=\"widget\" data-e-type=\"widget\" data-widget_type=\"text-editor.default\">\n\t\t\t\t<div class=\"elementor-widget-container\">\n\t\t\t\t\t\t\t\t\t<b><i>Inscriptions \u00e0 l&rsquo;\u00e9v\u00e9nement et au Cocktail<\/i><\/b><i>\u00a0:<\/i><a href=\"https:\/\/my.weezevent.com\/mtlecommerce\" target=\"_blank\" rel=\"noopener\"><i>\u00a0<\/i><\/a>\r\n\r\n<a href=\"https:\/\/my.weezevent.com\/mtlecommerce\" target=\"_blank\" rel=\"noopener\"><i>https:\/\/my.weezevent.com\/mtlecommerce<\/i><\/a>\r\n\r\n<b><i>Informations pratiques :<\/i><\/b><b><i>\r\n<\/i><\/b><b><i>Date :<\/i><\/b><i>\u00a029 octobre 2024<\/i><i>\r\n<\/i><b><i>Lieu :<\/i><\/b><i>\u00a0Grand Quai du Port de Montr\u00e9al<\/i><i>\r\n<\/i><i>200 Rue de la Commune Ouest<\/i><i>\r\n<\/i><i>Montr\u00e9al, QC H2Y 4B2<\/i><i>\r\n<\/i><b><i>Heure :<\/i><\/b><i>\u00a017:00 &#8211; 21:00<\/i><i>\r\n<\/i><b><i>Inscriptions :<\/i><\/b><a href=\"https:\/\/my.weezevent.com\/mtlecommerce\" target=\"_blank\" rel=\"noopener\">\u00a0<i>https:\/\/my.weezevent.com\/mtlecommerce<\/i><\/a>\r\n\r\n<b><i>Pour plus d&rsquo;informations :<\/i><\/b><b><i>\r\n<\/i><\/b><b><i>Anne-Sophie Ouellet :<\/i><\/b><i>\u00a0hello@mtlecommerce.com<\/i>\t\t\t\t\t\t\t\t<\/div>\n\t\t\t\t<\/div>\n\t\t\t\t<div class=\"elementor-element elementor-element-6fed7bb3 elementor-widget elementor-widget-text-editor\" data-id=\"6fed7bb3\" data-element_type=\"widget\" data-e-type=\"widget\" data-widget_type=\"text-editor.default\">\n\t\t\t\t<div class=\"elementor-widget-container\">\n\t\t\t\t\t\t\t\t\t<p style=\"text-align: center;\">-30-<\/p>\t\t\t\t\t\t\t\t<\/div>\n\t\t\t\t<\/div>\n\t\t\t\t<div class=\"elementor-element elementor-element-520aaf27 elementor-widget elementor-widget-spacer\" data-id=\"520aaf27\" data-element_type=\"widget\" data-e-type=\"widget\" data-widget_type=\"spacer.default\">\n\t\t\t\t<div class=\"elementor-widget-container\">\n\t\t\t\t\t\t\t<div class=\"elementor-spacer\">\n\t\t\t<div class=\"elementor-spacer-inner\"><\/div>\n\t\t<\/div>\n\t\t\t\t\t\t<\/div>\n\t\t\t\t<\/div>\n\t\t\t\t\t<\/div>\n\t\t<\/div>\n\t\t\t\t\t<\/div>\n\t\t<\/section>\n\t\t\t\t<section class=\"elementor-section elementor-top-section elementor-element elementor-element-59586b71 elementor-section-height-min-height elementor-section-boxed elementor-section-height-default elementor-section-items-middle\" data-id=\"59586b71\" data-element_type=\"section\" data-e-type=\"section\" data-settings=\"{&quot;background_background&quot;:&quot;classic&quot;,&quot;shape_divider_top&quot;:&quot;pyramids&quot;}\">\n\t\t\t\t\t\t\t<div class=\"elementor-background-overlay\"><\/div>\n\t\t\t\t\t\t<div class=\"elementor-shape elementor-shape-top\" aria-hidden=\"true\" data-negative=\"false\">\n\t\t\t<svg xmlns=\"http:\/\/www.w3.org\/2000\/svg\" viewBox=\"0 0 1000 100\" preserveAspectRatio=\"none\">\n\t<path class=\"elementor-shape-fill\" d=\"M761.9,44.1L643.1,27.2L333.8,98L0,3.8V0l1000,0v3.9\"\/>\n<\/svg>\t\t<\/div>\n\t\t\t\t\t<div class=\"elementor-container elementor-column-gap-default\">\n\t\t\t\t\t<div class=\"elementor-column elementor-col-100 elementor-top-column elementor-element elementor-element-218bb2f9\" data-id=\"218bb2f9\" data-element_type=\"column\" data-e-type=\"column\">\n\t\t\t<div class=\"elementor-widget-wrap\">\n\t\t\t\t\t\t\t<\/div>\n\t\t<\/div>\n\t\t\t\t\t<\/div>\n\t\t<\/section>\n\t\t\t\t<\/div>\n\t\t","protected":false},"excerpt":{"rendered":"<p>MTL+ECOMMERCE LANCE UN \u00c9V\u00c9NEMENT CONF\u00c9RENCE ET NETWORKING SP\u00c9CIAL IA<\/p>\n","protected":false},"author":605,"featured_media":36763,"comment_status":"open","ping_status":"open","sticky":false,"template":"elementor_header_footer","format":"standard","meta":{"_acf_changed":false,"footnotes":""},"categories":[251,235,249],"tags":[],"class_list":["post-36769","post","type-post","status-publish","format-standard","has-post-thumbnail","hentry","category-business-news-fr","category-communique","category-montreal-fr"],"acf":[],"_links":{"self":[{"href":"https:\/\/mtlecommerce.com\/fr\/wp-json\/wp\/v2\/posts\/36769","targetHints":{"allow":["GET"]}}],"collection":[{"href":"https:\/\/mtlecommerce.com\/fr\/wp-json\/wp\/v2\/posts"}],"about":[{"href":"https:\/\/mtlecommerce.com\/fr\/wp-json\/wp\/v2\/types\/post"}],"author":[{"embeddable":true,"href":"https:\/\/mtlecommerce.com\/fr\/wp-json\/wp\/v2\/users\/605"}],"replies":[{"embeddable":true,"href":"https:\/\/mtlecommerce.com\/fr\/wp-json\/wp\/v2\/comments?post=36769"}],"version-history":[{"count":3,"href":"https:\/\/mtlecommerce.com\/fr\/wp-json\/wp\/v2\/posts\/36769\/revisions"}],"predecessor-version":[{"id":36819,"href":"https:\/\/mtlecommerce.com\/fr\/wp-json\/wp\/v2\/posts\/36769\/revisions\/36819"}],"wp:featuredmedia":[{"embeddable":true,"href":"https:\/\/mtlecommerce.com\/fr\/wp-json\/wp\/v2\/media\/36763"}],"wp:attachment":[{"href":"https:\/\/mtlecommerce.com\/fr\/wp-json\/wp\/v2\/media?parent=36769"}],"wp:term":[{"taxonomy":"category","embeddable":true,"href":"https:\/\/mtlecommerce.com\/fr\/wp-json\/wp\/v2\/categories?post=36769"},{"taxonomy":"post_tag","embeddable":true,"href":"https:\/\/mtlecommerce.com\/fr\/wp-json\/wp\/v2\/tags?post=36769"}],"curies":[{"name":"wp","href":"https:\/\/api.w.org\/{rel}","templated":true}]}}